{"id":7,"date":"2023-06-20T19:52:54","date_gmt":"2023-06-20T22:52:54","guid":{"rendered":"http:\/\/13sentidos.com\/index.php\/2023\/06\/20\/a-arte-dos-treze-sentidos-uma-perspectiva-fotografica\/"},"modified":"2023-06-20T19:52:54","modified_gmt":"2023-06-20T22:52:54","slug":"a-arte-dos-treze-sentidos-uma-perspectiva-fotografica","status":"publish","type":"post","link":"https:\/\/13sentidos.com\/index.php\/2023\/06\/20\/a-arte-dos-treze-sentidos-uma-perspectiva-fotografica\/","title":{"rendered":"A Arte dos Treze Sentidos: Uma Perspectiva Fotogr\u00e1fica"},"content":{"rendered":"<h2>A Fotografia e os Sentidos<\/h2>\n<p>A fotografia \u00e9 uma forma de arte que desperta os nossos sentidos e nos transporta para diferentes lugares, momentos e emo\u00e7\u00f5es. No entanto, al\u00e9m dos cinco sentidos tradicionais &#8211; vis\u00e3o, audi\u00e7\u00e3o, tato, olfato e paladar &#8211; a fotografia tem o poder de estimular um sexto sentido: a mem\u00f3ria. Na Idade M\u00e9dia, a mem\u00f3ria era considerada um sentido, perfazendo seis sentidos.<\/p>\n<p>Mas por que parar por a\u00ed? A fotografia vai al\u00e9m e nos permite explorar e experimentar uma infinidade de sensa\u00e7\u00f5es. \u00c9 por isso que nesta perspectiva, a Arte dos Treze Sentidos, vamos mergulhar na magia da fotografia e explorar a rela\u00e7\u00e3o \u00fanica que ela cria entre o fot\u00f3grafo, o espectador e a obra de arte em si.<\/p>\n<h2>A Perspectiva do Fot\u00f3grafo<\/h2>\n<p>O fot\u00f3grafo \u00e9 o artista por tr\u00e1s da c\u00e2mera, capaz de capturar e eternizar momentos \u00fanicos. Atrav\u00e9s de sua sensibilidade visual, ele consegue transmitir emo\u00e7\u00f5es e contar hist\u00f3rias de uma maneira \u00fanica. Atrav\u00e9s da vis\u00e3o, ele molda seu olhar e enquadra o mundo sob uma perspectiva pr\u00f3pria.<\/p>\n<p>Al\u00e9m da vis\u00e3o, o fot\u00f3grafo tamb\u00e9m utiliza o tato para manusear sua c\u00e2mera, ajustar as configura\u00e7\u00f5es e capturar diferentes texturas e formas. Ele busca sentir a energia do momento e transmiti-la atrav\u00e9s de suas fotografias, criando uma conex\u00e3o profunda com a cena retratada.<\/p>\n<h2>A Perspectiva do Espectador<\/h2>\n<p>Quando nos deparamos com uma fotografia, somos convidados a usar nossos pr\u00f3prios sentidos para mergulhar na imagem e descobrir o mundo que ela retrata. A vis\u00e3o nos permite explorar as cores, formas e detalhes, enquanto a imagina\u00e7\u00e3o nos leva al\u00e9m do quadro, criando hist\u00f3rias e emo\u00e7\u00f5es pr\u00f3prias.<\/p>\n<p>O olfato e o paladar podem ser despertados pela pr\u00f3pria imagem, se a fotografia retrata alimentos ou paisagens perfumadas. Atrav\u00e9s da audi\u00e7\u00e3o, podemos imaginar o som do vento nas \u00e1rvores ou o barulho das ondas do mar retratado.<\/p>\n<h2>A Rela\u00e7\u00e3o Entre Fot\u00f3grafo e Espectador<\/h2>\n<p>Ao unir a perspectiva do fot\u00f3grafo e do espectador, a fotografia cria uma rela\u00e7\u00e3o \u00fanica e poderosa. A arte transcende a imagem em si e se torna uma ponte entre dois mundos, conectando pessoas atrav\u00e9s de emo\u00e7\u00f5es compartilhadas.<\/p>\n<p>Ao contemplar uma fotografia, podemos experimentar um misto de sensa\u00e7\u00f5es e nos conectar com a vis\u00e3o e a alma do fot\u00f3grafo. \u00c9 nessa rela\u00e7\u00e3o que a verdadeira magia da fotografia acontece, quando a imagem se torna mais do que apenas pixels em um papel, mas sim uma experi\u00eancia que nos transporta para al\u00e9m do tempo e do espa\u00e7o.<\/p>\n","protected":false},"excerpt":{"rendered":"<p>A Fotografia e os Sentidos A fotografia \u00e9 uma forma de arte que desperta os nossos sentidos e nos transporta&hellip;<\/p>\n","protected":false},"author":1,"featured_media":0,"comment_status":"open","ping_status":"open","sticky":false,"template":"","format":"standard","meta":{"_crdt_document":"","footnotes":""},"categories":[1],"tags":[],"class_list":["post-7","post","type-post","status-publish","format-standard","hentry","category-blog"],"_links":{"self":[{"href":"https:\/\/13sentidos.com\/index.php\/wp-json\/wp\/v2\/posts\/7","targetHints":{"allow":["GET"]}}],"collection":[{"href":"https:\/\/13sentidos.com\/index.php\/wp-json\/wp\/v2\/posts"}],"about":[{"href":"https:\/\/13sentidos.com\/index.php\/wp-json\/wp\/v2\/types\/post"}],"author":[{"embeddable":true,"href":"https:\/\/13sentidos.com\/index.php\/wp-json\/wp\/v2\/users\/1"}],"replies":[{"embeddable":true,"href":"https:\/\/13sentidos.com\/index.php\/wp-json\/wp\/v2\/comments?post=7"}],"version-history":[{"count":0,"href":"https:\/\/13sentidos.com\/index.php\/wp-json\/wp\/v2\/posts\/7\/revisions"}],"wp:attachment":[{"href":"https:\/\/13sentidos.com\/index.php\/wp-json\/wp\/v2\/media?parent=7"}],"wp:term":[{"taxonomy":"category","embeddable":true,"href":"https:\/\/13sentidos.com\/index.php\/wp-json\/wp\/v2\/categories?post=7"},{"taxonomy":"post_tag","embeddable":true,"href":"https:\/\/13sentidos.com\/index.php\/wp-json\/wp\/v2\/tags?post=7"}],"curies":[{"name":"wp","href":"https:\/\/api.w.org\/{rel}","templated":true}]}}